{"id":387,"date":"2010-06-14T17:30:44","date_gmt":"2010-06-14T15:30:44","guid":{"rendered":"https:\/\/dinamicagenerale.com\/?p=387"},"modified":"2026-01-27T15:14:10","modified_gmt":"2026-01-27T14:14:10","slug":"un-marchio-della-bassa-sbarca-negli-us-dinamica-generale-da-20-anni-a-poggio-arriva-in-america-presto-in-brasile-e-in-russia","status":"publish","type":"post","link":"https:\/\/www.dinamicagenerale.cn\/it\/un-marchio-della-bassa-sbarca-negli-us-dinamica-generale-da-20-anni-a-poggio-arriva-in-america-presto-in-brasile-e-in-russia\/","title":{"rendered":"Un marchio della Bassa sbarca negli US. Dinamica Generale, da 20 anni a Poggio, arriva in America. Presto in Brasile e in Russia"},"content":{"rendered":"\n<p><em>La Dinamica Generale S.r.l. di Andrea Ghiraldi in questi giorni ha aperto, nello stato americano dell\u2019Illinois, la <strong>Dinamica Generale U.S. Inc.<\/strong>, mentre nel prossimo futuro dovrebbero vedere la luce anche le sedi in <strong>Brasile, Russia e Ucraina<\/strong>.<br>La Dinamica Generale S.r.l. produce <strong>sistemi di pesatura<\/strong> per il campo <strong>agricolo, zootecnico e biomedicale<\/strong>, il tutto nel rispetto dell\u2019ambiente e del territorio. L\u2019azienda collabora con la squadra di basket di Poggio Rusco da quattro anni.<\/em><\/p>\n\n\n\n<p><strong>POGGIO RUSCO<\/strong> &#8211; Quando arriviamo negli headquarters della Dinamica Generale \u00e8 mezzogiorno e siamo in anticipo di un paio di minuti. Alcuni dipendenti stanno uscendo dallo stabilimento. Quasi tutti indossano una maglietta polo blu scura con scritto, in piccolo sulla sinistra e con le iniziali minuscole, \u201cdinamica generale\u201d.<\/p>\n\n\n\n<p>La prima cosa che viene in mente \u00e8 il richiamo a una <strong>squadra sportiva<\/strong>: stessa uniforme, stessa compattezza. In effetti forse qualche convergenza c\u2019\u00e8. In fin dei conti la Dinamica Generale S.r.l. \u00e8 lo <strong>sponsor principale degli \u201cStings \u2013 Pallacanestro Primavera\u201d<\/strong>, la squadra di basket di Poggio Rusco che si \u00e8 soliti chiamare appunto \u201cDinamica Generale\u201d.<\/p>\n\n\n\n<p>Entriamo negli uffici. Ci chiedono gentilmente di pazientare qualche minuto. Dopo poco arrivano contemporaneamente <strong>Andrea Ghiraldi<\/strong>, titolare della Dinamica Generale S.r.l., e <strong>Adriano Negri<\/strong>, patron della squadra di basket poggese.<\/p>\n\n\n\n<p>Il connubio tra la compagine cestistica e l\u2019azienda dura da quattro anni e la collaborazione si sta avviando verso il quinto. Ma Andrea Ghiraldi la Dinamica Generale l\u2019ha fondata ormai <strong>vent\u2019anni fa<\/strong>.<\/p>\n\n\n\n<blockquote class=\"wp-block-quote is-layout-flow wp-block-quote-is-layout-flow\">\n<p>\u00abEra il 1990 \u2013 spiega mentre ci accompagna in una breve visita all\u2019interno dello stabilimento \u2013. Allora avevo un solo dipendente e io lavoravo in un\u2019altra azienda. Dal 1998 al 2000 per\u00f2 ho lavorato part-time per l\u2019azienda presso la quale ero assunto. Cos\u00ec ho avuto modo di iniziare a investire nella societ\u00e0 di cui ero titolare\u00bb.<\/p>\n\n\n\n<figure class=\"wp-block-image size-large\"><img loading=\"lazy\" decoding=\"async\" width=\"1024\" height=\"528\" src=\"https:\/\/www.dinamicagenerale.cn\/wp-content\/uploads\/2010\/06\/Dinamica-Generale-S.r.l-1024x528.png\" alt=\"\" class=\"wp-image-38321\" srcset=\"https:\/\/www.dinamicagenerale.cn\/wp-content\/uploads\/2010\/06\/Dinamica-Generale-S.r.l-1024x528.png 1024w, https:\/\/www.dinamicagenerale.cn\/wp-content\/uploads\/2010\/06\/Dinamica-Generale-S.r.l-300x155.png 300w, https:\/\/www.dinamicagenerale.cn\/wp-content\/uploads\/2010\/06\/Dinamica-Generale-S.r.l-768x396.png 768w, https:\/\/www.dinamicagenerale.cn\/wp-content\/uploads\/2010\/06\/Dinamica-Generale-S.r.l-1536x791.png 1536w, https:\/\/www.dinamicagenerale.cn\/wp-content\/uploads\/2010\/06\/Dinamica-Generale-S.r.l-2048x1055.png 2048w\" sizes=\"auto, (max-width: 1024px) 100vw, 1024px\" \/><\/figure>\n<\/blockquote>\n\n\n\n<p>Da allora \u00e8 stato un <strong>crescendo costante<\/strong>. Alcuni anni fa la Dinamica Generale ha allargato il proprio stabilimento poggese acquistando il terreno a fianco. In precedenza c\u2019era stato un problema legato all\u2019inquinamento del suolo, ma oggi quell\u2019area, bonificata, ospita lo stabilimento con il marchio arancione e blu della Dinamica Generale.<\/p>\n\n\n\n<p>L\u2019espansione sul territorio, per\u00f2, \u00e8 poca cosa rispetto alla <strong>vera crescita della societ\u00e0 poggese<\/strong>, che proprio in questi giorni ha aperto, nello stato americano dell\u2019Illinois, la Dinamica Generale U.S. Inc., mentre nel prossimo futuro dovrebbero vedere la luce anche le sedi in Brasile, Russia e Ucraina.<\/p>\n\n\n\n<blockquote class=\"wp-block-quote is-layout-flow wp-block-quote-is-layout-flow\">\n<p>\u00abIl nostro obiettivo \u2013 spiega ancora Andrea Ghiraldi \u2013 \u00e8 l\u2019internazionalizzazione: i nostri dipendenti seguono anche corsi di lingua straniera. Il 30 aprile \u00e8 partito il primo carico di materiale diretto in Cina\u00bb.<\/p>\n<\/blockquote>\n\n\n\n<p>A pochi metri da noi, nello stabilimento, una piccola delegazione tedesca osserva i colleghi italiani alle prese con i macchinari, la maggior parte dei quali ad <strong>alta precisione<\/strong> e che richiedono competenze specifiche per il loro funzionamento.<\/p>\n\n\n\n<p>La Dinamica Generale S.r.l. produce infatti <strong>sistemi di pesatura<\/strong> per il settore agricolo, zootecnico e biomedicale, il tutto nel rispetto dell\u2019ambiente.<\/p>\n\n\n\n<blockquote class=\"wp-block-quote is-layout-flow wp-block-quote-is-layout-flow\">\n<p>\u00abNon produciamo fumi \u2013 spiega Ghiraldi \u2013 e siamo a norma con le certificazioni <strong>ISO 9001, ISO 14001 e ISO 13485<\/strong>\u00bb.<\/p>\n<\/blockquote>\n\n\n\n<p>Ma la Dinamica Generale S.r.l. \u00e8 presente sul territorio poggese sin dall\u2019inizio degli anni \u201990.<\/p>\n\n\n\n<blockquote class=\"wp-block-quote is-layout-flow wp-block-quote-is-layout-flow\">\n<p>\u00abCredo che quando un\u2019azienda si insedia e si espande su un territorio \u2013 sottolinea il titolare \u2013 debba cercare di fare qualcosa proprio per il territorio in cui opera. Ad esempio, la nostra azienda collabora con la squadra di basket di Poggio Rusco da quattro anni\u00bb.<\/p>\n<\/blockquote>\n\n\n\n<p>E, come conferma anche il patron Adriano Negri:<\/p>\n\n\n\n<blockquote class=\"wp-block-quote is-layout-flow wp-block-quote-is-layout-flow\">\n<p>\u00abStiamo cercando di investire sui giovani. L\u2019obiettivo \u00e8 creare un vivaio e sviluppare rapporti di collaborazione con le squadre di basket dei paesi limitrofi, sia in provincia di Mantova che in provincia di Modena\u00bb.<\/p>\n<\/blockquote>\n\n\n\n<p>La collaborazione tra gli <strong>\u201cStings \u2013 Pallacanestro Primavera\u201d<\/strong> e la Dinamica Generale S.r.l. \u00e8 quindi confermata anche per il prossimo campionato. Sulla stagione appena conclusa, sia Ghiraldi che Negri esprimono soddisfazione.<\/p>\n\n\n\n<p>L\u2019arrivo in squadra, gioved\u00ec scorso, del playmaker pesarese <strong>Luca Pascucci<\/strong> rappresenta un primo passo della compagine rossobl\u00f9 verso gli obiettivi del prossimo campionato.<\/p>\n\n\n\n<p><em>Giovanni Bernardi<\/em><\/p>\n\n\n\n<p><strong>Visualizza l&#8217;articolo di &#8220;La voce di Mantova&#8221;:  <\/strong><a href=\"https:\/\/www.dinamicagenerale.cn\/wp-content\/uploads\/2026\/01\/Un-marchio-della-Bassa-sbarca-negli-US.-Dinamica-Generale-da-20-anni-a-Poggio-arriva-in-America.-Presto-in-Brasile-e-in-Russia.pdf\" target=\"_blank\" rel=\"noreferrer noopener\">clicca qui<\/a><\/p>\n","protected":false},"excerpt":{"rendered":"<p>La Dinamica Generale S.r.l. di Andrea Ghiraldi in questi giorni ha aperto, nello stato americano dell\u2019Illinois, la Dinamica Generale U.S. [&hellip;]<\/p>\n","protected":false},"author":1,"featured_media":38341,"comment_status":"closed","ping_status":"open","sticky":false,"template":"","format":"standard","meta":{"footnotes":""},"categories":[2],"tags":[],"class_list":["post-387","post","type-post","status-publish","format-standard","has-post-thumbnail","hentry","category-azienda"],"yoast_head":"<!-- This site is optimized with the Yoast SEO plugin v27.4 - https:\/\/yoast.com\/product\/yoast-seo-wordpress\/ -->\n<title>Dinamica Generale, da 20 anni a Poggio, arriva in America!<\/title>\n<meta name=\"description\" content=\"Dinamica Generale arriva in America! In questi giorni ha aperto, nello stato americano dell\u2019Illinois, la Dinamica Generale U.S. Inc.\" \/>\n<meta name=\"robots\" content=\"index, follow, max-snippet:-1, max-image-preview:large, max-video-preview:-1\" \/>\n<link rel=\"canonical\" href=\"https:\/\/www.dinamicagenerale.cn\/it\/un-marchio-della-bassa-sbarca-negli-us-dinamica-generale-da-20-anni-a-poggio-arriva-in-america-presto-in-brasile-e-in-russia\/\" \/>\n<meta property=\"og:locale\" content=\"it_IT\" \/>\n<meta property=\"og:type\" content=\"article\" \/>\n<meta property=\"og:title\" content=\"Dinamica Generale, da 20 anni a Poggio, arriva in America!\" \/>\n<meta property=\"og:description\" content=\"Dinamica Generale arriva in America! In questi giorni ha aperto, nello stato americano dell\u2019Illinois, la Dinamica Generale U.S. Inc.\" \/>\n<meta property=\"og:url\" content=\"https:\/\/www.dinamicagenerale.cn\/it\/un-marchio-della-bassa-sbarca-negli-us-dinamica-generale-da-20-anni-a-poggio-arriva-in-america-presto-in-brasile-e-in-russia\/\" \/>\n<meta property=\"og:site_name\" content=\"Dinamica Generale\" \/>\n<meta property=\"article:published_time\" content=\"2010-06-14T15:30:44+00:00\" \/>\n<meta property=\"article:modified_time\" content=\"2026-01-27T14:14:10+00:00\" \/>\n<meta property=\"og:image\" content=\"https:\/\/www.dinamicagenerale.cn\/wp-content\/uploads\/2010\/06\/Dinamica-Generale-da-20-anni-a-Poggio-arriva-in-America-1024x528.png\" \/>\n\t<meta property=\"og:image:width\" content=\"1024\" \/>\n\t<meta property=\"og:image:height\" content=\"528\" \/>\n\t<meta property=\"og:image:type\" content=\"image\/png\" \/>\n<meta name=\"author\" content=\"andreacimatti\" \/>\n<meta name=\"twitter:card\" content=\"summary_large_image\" \/>\n<meta name=\"twitter:label1\" content=\"Scritto da\" \/>\n\t<meta name=\"twitter:data1\" content=\"andreacimatti\" \/>\n\t<meta name=\"twitter:label2\" content=\"Tempo di lettura stimato\" \/>\n\t<meta name=\"twitter:data2\" content=\"3 minuti\" \/>\n<script type=\"application\/ld+json\" class=\"yoast-schema-graph\">{\"@context\":\"https:\\\/\\\/schema.org\",\"@graph\":[{\"@type\":\"Article\",\"@id\":\"https:\\\/\\\/www.dinamicagenerale.cn\\\/it\\\/un-marchio-della-bassa-sbarca-negli-us-dinamica-generale-da-20-anni-a-poggio-arriva-in-america-presto-in-brasile-e-in-russia\\\/#article\",\"isPartOf\":{\"@id\":\"https:\\\/\\\/www.dinamicagenerale.cn\\\/it\\\/un-marchio-della-bassa-sbarca-negli-us-dinamica-generale-da-20-anni-a-poggio-arriva-in-america-presto-in-brasile-e-in-russia\\\/\"},\"author\":{\"name\":\"andreacimatti\",\"@id\":\"https:\\\/\\\/www.dinamicagenerale.cn\\\/it\\\/#\\\/schema\\\/person\\\/eae15b58424ffd640097392d6c2971ff\"},\"headline\":\"Un marchio della Bassa sbarca negli US. Dinamica Generale, da 20 anni a Poggio, arriva in America. Presto in Brasile e in Russia\",\"datePublished\":\"2010-06-14T15:30:44+00:00\",\"dateModified\":\"2026-01-27T14:14:10+00:00\",\"mainEntityOfPage\":{\"@id\":\"https:\\\/\\\/www.dinamicagenerale.cn\\\/it\\\/un-marchio-della-bassa-sbarca-negli-us-dinamica-generale-da-20-anni-a-poggio-arriva-in-america-presto-in-brasile-e-in-russia\\\/\"},\"wordCount\":701,\"image\":{\"@id\":\"https:\\\/\\\/www.dinamicagenerale.cn\\\/it\\\/un-marchio-della-bassa-sbarca-negli-us-dinamica-generale-da-20-anni-a-poggio-arriva-in-america-presto-in-brasile-e-in-russia\\\/#primaryimage\"},\"thumbnailUrl\":\"https:\\\/\\\/www.dinamicagenerale.cn\\\/wp-content\\\/uploads\\\/2010\\\/06\\\/Dinamica-Generale-da-20-anni-a-Poggio-arriva-in-America.png\",\"articleSection\":[\"Azienda\"],\"inLanguage\":\"it-IT\"},{\"@type\":\"WebPage\",\"@id\":\"https:\\\/\\\/www.dinamicagenerale.cn\\\/it\\\/un-marchio-della-bassa-sbarca-negli-us-dinamica-generale-da-20-anni-a-poggio-arriva-in-america-presto-in-brasile-e-in-russia\\\/\",\"url\":\"https:\\\/\\\/www.dinamicagenerale.cn\\\/it\\\/un-marchio-della-bassa-sbarca-negli-us-dinamica-generale-da-20-anni-a-poggio-arriva-in-america-presto-in-brasile-e-in-russia\\\/\",\"name\":\"Dinamica Generale, da 20 anni a Poggio, arriva in America!\",\"isPartOf\":{\"@id\":\"https:\\\/\\\/www.dinamicagenerale.cn\\\/it\\\/#website\"},\"primaryImageOfPage\":{\"@id\":\"https:\\\/\\\/www.dinamicagenerale.cn\\\/it\\\/un-marchio-della-bassa-sbarca-negli-us-dinamica-generale-da-20-anni-a-poggio-arriva-in-america-presto-in-brasile-e-in-russia\\\/#primaryimage\"},\"image\":{\"@id\":\"https:\\\/\\\/www.dinamicagenerale.cn\\\/it\\\/un-marchio-della-bassa-sbarca-negli-us-dinamica-generale-da-20-anni-a-poggio-arriva-in-america-presto-in-brasile-e-in-russia\\\/#primaryimage\"},\"thumbnailUrl\":\"https:\\\/\\\/www.dinamicagenerale.cn\\\/wp-content\\\/uploads\\\/2010\\\/06\\\/Dinamica-Generale-da-20-anni-a-Poggio-arriva-in-America.png\",\"datePublished\":\"2010-06-14T15:30:44+00:00\",\"dateModified\":\"2026-01-27T14:14:10+00:00\",\"author\":{\"@id\":\"https:\\\/\\\/www.dinamicagenerale.cn\\\/it\\\/#\\\/schema\\\/person\\\/eae15b58424ffd640097392d6c2971ff\"},\"description\":\"Dinamica Generale arriva in America! In questi giorni ha aperto, nello stato americano dell\u2019Illinois, la Dinamica Generale U.S. Inc.\",\"breadcrumb\":{\"@id\":\"https:\\\/\\\/www.dinamicagenerale.cn\\\/it\\\/un-marchio-della-bassa-sbarca-negli-us-dinamica-generale-da-20-anni-a-poggio-arriva-in-america-presto-in-brasile-e-in-russia\\\/#breadcrumb\"},\"inLanguage\":\"it-IT\",\"potentialAction\":[{\"@type\":\"ReadAction\",\"target\":[\"https:\\\/\\\/www.dinamicagenerale.cn\\\/it\\\/un-marchio-della-bassa-sbarca-negli-us-dinamica-generale-da-20-anni-a-poggio-arriva-in-america-presto-in-brasile-e-in-russia\\\/\"]}]},{\"@type\":\"ImageObject\",\"inLanguage\":\"it-IT\",\"@id\":\"https:\\\/\\\/www.dinamicagenerale.cn\\\/it\\\/un-marchio-della-bassa-sbarca-negli-us-dinamica-generale-da-20-anni-a-poggio-arriva-in-america-presto-in-brasile-e-in-russia\\\/#primaryimage\",\"url\":\"https:\\\/\\\/www.dinamicagenerale.cn\\\/wp-content\\\/uploads\\\/2010\\\/06\\\/Dinamica-Generale-da-20-anni-a-Poggio-arriva-in-America.png\",\"contentUrl\":\"https:\\\/\\\/www.dinamicagenerale.cn\\\/wp-content\\\/uploads\\\/2010\\\/06\\\/Dinamica-Generale-da-20-anni-a-Poggio-arriva-in-America.png\",\"width\":2362,\"height\":1217},{\"@type\":\"BreadcrumbList\",\"@id\":\"https:\\\/\\\/www.dinamicagenerale.cn\\\/it\\\/un-marchio-della-bassa-sbarca-negli-us-dinamica-generale-da-20-anni-a-poggio-arriva-in-america-presto-in-brasile-e-in-russia\\\/#breadcrumb\",\"itemListElement\":[{\"@type\":\"ListItem\",\"position\":1,\"name\":\"Home\",\"item\":\"https:\\\/\\\/www.dinamicagenerale.cn\\\/it\\\/\"},{\"@type\":\"ListItem\",\"position\":2,\"name\":\"Un marchio della Bassa sbarca negli US. Dinamica Generale, da 20 anni a Poggio, arriva in America. Presto in Brasile e in Russia\"}]},{\"@type\":\"WebSite\",\"@id\":\"https:\\\/\\\/www.dinamicagenerale.cn\\\/it\\\/#website\",\"url\":\"https:\\\/\\\/www.dinamicagenerale.cn\\\/it\\\/\",\"name\":\"Dinamica Generale\",\"description\":\"\",\"potentialAction\":[{\"@type\":\"SearchAction\",\"target\":{\"@type\":\"EntryPoint\",\"urlTemplate\":\"https:\\\/\\\/www.dinamicagenerale.cn\\\/it\\\/?s={search_term_string}\"},\"query-input\":{\"@type\":\"PropertyValueSpecification\",\"valueRequired\":true,\"valueName\":\"search_term_string\"}}],\"inLanguage\":\"it-IT\"},{\"@type\":\"Person\",\"@id\":\"https:\\\/\\\/www.dinamicagenerale.cn\\\/it\\\/#\\\/schema\\\/person\\\/eae15b58424ffd640097392d6c2971ff\",\"name\":\"andreacimatti\",\"image\":{\"@type\":\"ImageObject\",\"inLanguage\":\"it-IT\",\"@id\":\"https:\\\/\\\/secure.gravatar.com\\\/avatar\\\/3e56bd8e069b351b72b8f0f3d8e81123c1d19c438b01b527b57400f112b65f0f?s=96&d=mm&r=g\",\"url\":\"https:\\\/\\\/secure.gravatar.com\\\/avatar\\\/3e56bd8e069b351b72b8f0f3d8e81123c1d19c438b01b527b57400f112b65f0f?s=96&d=mm&r=g\",\"contentUrl\":\"https:\\\/\\\/secure.gravatar.com\\\/avatar\\\/3e56bd8e069b351b72b8f0f3d8e81123c1d19c438b01b527b57400f112b65f0f?s=96&d=mm&r=g\",\"caption\":\"andreacimatti\"},\"sameAs\":[\"https:\\\/\\\/www.dinamicagenerale.cn\"]}]}<\/script>\n<!-- \/ Yoast SEO plugin. -->","yoast_head_json":{"title":"Dinamica Generale, da 20 anni a Poggio, arriva in America!","description":"Dinamica Generale arriva in America! In questi giorni ha aperto, nello stato americano dell\u2019Illinois, la Dinamica Generale U.S. Inc.","robots":{"index":"index","follow":"follow","max-snippet":"max-snippet:-1","max-image-preview":"max-image-preview:large","max-video-preview":"max-video-preview:-1"},"canonical":"https:\/\/www.dinamicagenerale.cn\/it\/un-marchio-della-bassa-sbarca-negli-us-dinamica-generale-da-20-anni-a-poggio-arriva-in-america-presto-in-brasile-e-in-russia\/","og_locale":"it_IT","og_type":"article","og_title":"Dinamica Generale, da 20 anni a Poggio, arriva in America!","og_description":"Dinamica Generale arriva in America! In questi giorni ha aperto, nello stato americano dell\u2019Illinois, la Dinamica Generale U.S. Inc.","og_url":"https:\/\/www.dinamicagenerale.cn\/it\/un-marchio-della-bassa-sbarca-negli-us-dinamica-generale-da-20-anni-a-poggio-arriva-in-america-presto-in-brasile-e-in-russia\/","og_site_name":"Dinamica Generale","article_published_time":"2010-06-14T15:30:44+00:00","article_modified_time":"2026-01-27T14:14:10+00:00","og_image":[{"width":1024,"height":528,"url":"https:\/\/www.dinamicagenerale.cn\/wp-content\/uploads\/2010\/06\/Dinamica-Generale-da-20-anni-a-Poggio-arriva-in-America-1024x528.png","type":"image\/png"}],"author":"andreacimatti","twitter_card":"summary_large_image","twitter_misc":{"Scritto da":"andreacimatti","Tempo di lettura stimato":"3 minuti"},"schema":{"@context":"https:\/\/schema.org","@graph":[{"@type":"Article","@id":"https:\/\/www.dinamicagenerale.cn\/it\/un-marchio-della-bassa-sbarca-negli-us-dinamica-generale-da-20-anni-a-poggio-arriva-in-america-presto-in-brasile-e-in-russia\/#article","isPartOf":{"@id":"https:\/\/www.dinamicagenerale.cn\/it\/un-marchio-della-bassa-sbarca-negli-us-dinamica-generale-da-20-anni-a-poggio-arriva-in-america-presto-in-brasile-e-in-russia\/"},"author":{"name":"andreacimatti","@id":"https:\/\/www.dinamicagenerale.cn\/it\/#\/schema\/person\/eae15b58424ffd640097392d6c2971ff"},"headline":"Un marchio della Bassa sbarca negli US. Dinamica Generale, da 20 anni a Poggio, arriva in America. Presto in Brasile e in Russia","datePublished":"2010-06-14T15:30:44+00:00","dateModified":"2026-01-27T14:14:10+00:00","mainEntityOfPage":{"@id":"https:\/\/www.dinamicagenerale.cn\/it\/un-marchio-della-bassa-sbarca-negli-us-dinamica-generale-da-20-anni-a-poggio-arriva-in-america-presto-in-brasile-e-in-russia\/"},"wordCount":701,"image":{"@id":"https:\/\/www.dinamicagenerale.cn\/it\/un-marchio-della-bassa-sbarca-negli-us-dinamica-generale-da-20-anni-a-poggio-arriva-in-america-presto-in-brasile-e-in-russia\/#primaryimage"},"thumbnailUrl":"https:\/\/www.dinamicagenerale.cn\/wp-content\/uploads\/2010\/06\/Dinamica-Generale-da-20-anni-a-Poggio-arriva-in-America.png","articleSection":["Azienda"],"inLanguage":"it-IT"},{"@type":"WebPage","@id":"https:\/\/www.dinamicagenerale.cn\/it\/un-marchio-della-bassa-sbarca-negli-us-dinamica-generale-da-20-anni-a-poggio-arriva-in-america-presto-in-brasile-e-in-russia\/","url":"https:\/\/www.dinamicagenerale.cn\/it\/un-marchio-della-bassa-sbarca-negli-us-dinamica-generale-da-20-anni-a-poggio-arriva-in-america-presto-in-brasile-e-in-russia\/","name":"Dinamica Generale, da 20 anni a Poggio, arriva in America!","isPartOf":{"@id":"https:\/\/www.dinamicagenerale.cn\/it\/#website"},"primaryImageOfPage":{"@id":"https:\/\/www.dinamicagenerale.cn\/it\/un-marchio-della-bassa-sbarca-negli-us-dinamica-generale-da-20-anni-a-poggio-arriva-in-america-presto-in-brasile-e-in-russia\/#primaryimage"},"image":{"@id":"https:\/\/www.dinamicagenerale.cn\/it\/un-marchio-della-bassa-sbarca-negli-us-dinamica-generale-da-20-anni-a-poggio-arriva-in-america-presto-in-brasile-e-in-russia\/#primaryimage"},"thumbnailUrl":"https:\/\/www.dinamicagenerale.cn\/wp-content\/uploads\/2010\/06\/Dinamica-Generale-da-20-anni-a-Poggio-arriva-in-America.png","datePublished":"2010-06-14T15:30:44+00:00","dateModified":"2026-01-27T14:14:10+00:00","author":{"@id":"https:\/\/www.dinamicagenerale.cn\/it\/#\/schema\/person\/eae15b58424ffd640097392d6c2971ff"},"description":"Dinamica Generale arriva in America! In questi giorni ha aperto, nello stato americano dell\u2019Illinois, la Dinamica Generale U.S. Inc.","breadcrumb":{"@id":"https:\/\/www.dinamicagenerale.cn\/it\/un-marchio-della-bassa-sbarca-negli-us-dinamica-generale-da-20-anni-a-poggio-arriva-in-america-presto-in-brasile-e-in-russia\/#breadcrumb"},"inLanguage":"it-IT","potentialAction":[{"@type":"ReadAction","target":["https:\/\/www.dinamicagenerale.cn\/it\/un-marchio-della-bassa-sbarca-negli-us-dinamica-generale-da-20-anni-a-poggio-arriva-in-america-presto-in-brasile-e-in-russia\/"]}]},{"@type":"ImageObject","inLanguage":"it-IT","@id":"https:\/\/www.dinamicagenerale.cn\/it\/un-marchio-della-bassa-sbarca-negli-us-dinamica-generale-da-20-anni-a-poggio-arriva-in-america-presto-in-brasile-e-in-russia\/#primaryimage","url":"https:\/\/www.dinamicagenerale.cn\/wp-content\/uploads\/2010\/06\/Dinamica-Generale-da-20-anni-a-Poggio-arriva-in-America.png","contentUrl":"https:\/\/www.dinamicagenerale.cn\/wp-content\/uploads\/2010\/06\/Dinamica-Generale-da-20-anni-a-Poggio-arriva-in-America.png","width":2362,"height":1217},{"@type":"BreadcrumbList","@id":"https:\/\/www.dinamicagenerale.cn\/it\/un-marchio-della-bassa-sbarca-negli-us-dinamica-generale-da-20-anni-a-poggio-arriva-in-america-presto-in-brasile-e-in-russia\/#breadcrumb","itemListElement":[{"@type":"ListItem","position":1,"name":"Home","item":"https:\/\/www.dinamicagenerale.cn\/it\/"},{"@type":"ListItem","position":2,"name":"Un marchio della Bassa sbarca negli US. Dinamica Generale, da 20 anni a Poggio, arriva in America. Presto in Brasile e in Russia"}]},{"@type":"WebSite","@id":"https:\/\/www.dinamicagenerale.cn\/it\/#website","url":"https:\/\/www.dinamicagenerale.cn\/it\/","name":"Dinamica Generale","description":"","potentialAction":[{"@type":"SearchAction","target":{"@type":"EntryPoint","urlTemplate":"https:\/\/www.dinamicagenerale.cn\/it\/?s={search_term_string}"},"query-input":{"@type":"PropertyValueSpecification","valueRequired":true,"valueName":"search_term_string"}}],"inLanguage":"it-IT"},{"@type":"Person","@id":"https:\/\/www.dinamicagenerale.cn\/it\/#\/schema\/person\/eae15b58424ffd640097392d6c2971ff","name":"andreacimatti","image":{"@type":"ImageObject","inLanguage":"it-IT","@id":"https:\/\/secure.gravatar.com\/avatar\/3e56bd8e069b351b72b8f0f3d8e81123c1d19c438b01b527b57400f112b65f0f?s=96&d=mm&r=g","url":"https:\/\/secure.gravatar.com\/avatar\/3e56bd8e069b351b72b8f0f3d8e81123c1d19c438b01b527b57400f112b65f0f?s=96&d=mm&r=g","contentUrl":"https:\/\/secure.gravatar.com\/avatar\/3e56bd8e069b351b72b8f0f3d8e81123c1d19c438b01b527b57400f112b65f0f?s=96&d=mm&r=g","caption":"andreacimatti"},"sameAs":["https:\/\/www.dinamicagenerale.cn"]}]}},"_links":{"self":[{"href":"https:\/\/www.dinamicagenerale.cn\/it\/wp-json\/wp\/v2\/posts\/387","targetHints":{"allow":["GET"]}}],"collection":[{"href":"https:\/\/www.dinamicagenerale.cn\/it\/wp-json\/wp\/v2\/posts"}],"about":[{"href":"https:\/\/www.dinamicagenerale.cn\/it\/wp-json\/wp\/v2\/types\/post"}],"author":[{"embeddable":true,"href":"https:\/\/www.dinamicagenerale.cn\/it\/wp-json\/wp\/v2\/users\/1"}],"replies":[{"embeddable":true,"href":"https:\/\/www.dinamicagenerale.cn\/it\/wp-json\/wp\/v2\/comments?post=387"}],"version-history":[{"count":1,"href":"https:\/\/www.dinamicagenerale.cn\/it\/wp-json\/wp\/v2\/posts\/387\/revisions"}],"predecessor-version":[{"id":38352,"href":"https:\/\/www.dinamicagenerale.cn\/it\/wp-json\/wp\/v2\/posts\/387\/revisions\/38352"}],"wp:featuredmedia":[{"embeddable":true,"href":"https:\/\/www.dinamicagenerale.cn\/it\/wp-json\/wp\/v2\/media\/38341"}],"wp:attachment":[{"href":"https:\/\/www.dinamicagenerale.cn\/it\/wp-json\/wp\/v2\/media?parent=387"}],"wp:term":[{"taxonomy":"category","embeddable":true,"href":"https:\/\/www.dinamicagenerale.cn\/it\/wp-json\/wp\/v2\/categories?post=387"},{"taxonomy":"post_tag","embeddable":true,"href":"https:\/\/www.dinamicagenerale.cn\/it\/wp-json\/wp\/v2\/tags?post=387"}],"curies":[{"name":"wp","href":"https:\/\/api.w.org\/{rel}","templated":true}]}}